{"id":3470,"date":"2015-03-12T12:34:59","date_gmt":"2015-03-12T11:34:59","guid":{"rendered":"https:\/\/www.interor.fr\/montresdeluxe\/?p=3470"},"modified":"2015-03-12T12:36:49","modified_gmt":"2015-03-12T11:36:49","slug":"le-200eme-anniversaire-de-la-naissance-du-fondateur-a-lange-sohne","status":"publish","type":"post","link":"https:\/\/www.interor.fr\/montresdeluxe\/le-200eme-anniversaire-de-la-naissance-du-fondateur-a-lange-sohne\/","title":{"rendered":"Le 200\u00e8me anniversaire de la naissance du fondateur A.Lange &#038; S\u00f6hne"},"content":{"rendered":"<p><a title=\"montres de luxe A.Lange &amp; S\u00f6nhe\" href=\"https:\/\/www.interor.fr\/montresdeluxe\/achat-a-lange-sohne\/#.VQF6BPmG_Nw\" target=\"_blank\">A.Lange &amp; S\u00f6nhe <\/a>a lanc\u00e9 une montre de luxe sp\u00e9ciale, la \u00ab\u00a01815\u00a0\u00bb pour c\u00e9l\u00e9brer le 200<sup>\u00e8me<\/sup> anniversaire de la naissance de son fondateur. Bien que Ferdinand Adolph Lange\u00a0ait non seulement mis en fonctionnement sa manufacture mais a aussi mis la premi\u00e8re pierre \u00e0 la joaillerie de pr\u00e9cision allemande.<\/p>\n<p>La montre de luxe comm\u00e9morative appartient \u00e0 la famille \u00ab\u00a01815\u00a0\u00bb, la collection qui exprime l\u2019ardeur et le caract\u00e8re de Ferdinand A. Lange pour fabriquer la montre de luxe parfaite. Quelles conditions devaient r\u00e9unir le p\u00e8re de la joaillerie allemande pour une montre de luxe parfaite\u00a0? Ses attributs cl\u00e9s \u00e9taient la simplicit\u00e9 et la perfection. \u00ab\u00a0Etre plus que parfait\u00a0\u00bb est la philosophie des montres \u00ab\u00a01815\u00a0\u00bb et pour cette raison, toutes les montres de cette ligne sont modestes et d\u2019une \u00e9l\u00e9gance discr\u00e8te, impeccable et sans pr\u00e9tentions. Leur cadran traduit le temps avec simplicit\u00e9. Leurs chiffres arables, la petite aiguille et l\u2019aiguille des minutes en apparence de \u00ab\u00a0rail\u00a0\u00bb sont subtiles, soign\u00e9s et ont la m\u00eame esth\u00e9tique que la c\u00e9l\u00e8bre montre de poche cr\u00e9\u00e9e par Ferdinand A. Lange c\u00e9l\u00e8bre pour sa pr\u00e9cision et \u00e0 laquelle ont \u00e9t\u00e9 inspir\u00e9es toutes les montres de luxe de la s\u00e9rie \u00ab\u00a01815\u00a0\u00bb.<\/p>\n<p>La montre \u00ab\u00a01815, 200<sup>\u00e8me<\/sup> anniversaire F.A.Lange\u00a0\u00bb est pr\u00e9sent\u00e9e dans un boitier de 40mm en platine, un cadran en argent massif de couleur noire et est \u00e9quip\u00e9e d\u2019un calibre \u00e0 chargement manuel form\u00e9 par 188 pi\u00e8ces finies \u00e0 la main.<\/p>\n<p>A.Lange &amp; S\u00f6hne a lanc\u00e9 cette montre de luxe \u00ab\u00a01815, 200<sup>\u00e8me<\/sup> anniversaire F.A.Lange\u00a0\u00bb dans une \u00e9dition limit\u00e9e de 200 exemplaires,\u00a0 une pour chaque ann\u00e9e pass\u00e9e depuis la naissance de l\u2019\u00e9minent joailler saxon qui a l\u00e9gu\u00e9 \u00e0 la joaillerie allemande de grandes inventions qui ouvrirent de nouvelles portes dans l\u2019univers joailler. Par exemple, c\u2019est lui qui a introduit le syst\u00e8me m\u00e9trique dans la joaillerie, a construit le tour de joaillerie de Glash\u00fctte et c\u2019est encore lui qui a donn\u00e9 form\u00e9 \u00e0 la platine qui am\u00e9liore la stabilit\u00e9 du m\u00e9canisme qui est toujours utilis\u00e9 et qui, bien s\u00fbr, fait partie de la montre de luxe de son anniversaire.<\/p>\n<p>Ferdinand Adolph Lange non seulement est une figure importante pour la manufacture horlog\u00e8re allemande mais l\u2019est aussi pour la r\u00e9gion de la Saxe qu\u2019il a su plac\u00e9e avec m\u00e9rite sur la carte de l\u2019horlogerie mondiale.<\/p>\n<p>Le salon royal des Instruments Math\u00e9matiques et de la Physique de Dresde (Allemagne) accueille jusqu\u2019au 14 juin 2015 l\u2019exposition se nommant \u00ab\u00a0simplement parfait\u00a0\u00bb. La Saxe s\u2019est convertie en un centre historique horloger qui montre les mouvements de la vie de Ferdinand A.Lange et certains de ses biens qui n\u2019avaient jamais \u00e9t\u00e9 expos\u00e9s au public auparavant.<\/p>\n","protected":false},"excerpt":{"rendered":"<p>A.Lange &amp; S\u00f6nhe a lanc\u00e9 une montre de luxe sp\u00e9ciale, la \u00ab\u00a01815\u00a0\u00bb pour c\u00e9l\u00e9brer le 200\u00e8me anniversaire de la naissance de son fondateur. Bien que Ferdinand Adolph Lange\u00a0ait non seulement mis en fonctionnement sa manufacture mais a aussi mis la&#8230;<\/p>\n","protected":false},"author":6,"featured_media":0,"comment_status":"closed","ping_status":"open","sticky":false,"template":"","format":"standard","meta":{"iawp_total_views":0,"footnotes":""},"categories":[1],"tags":[75],"class_list":["post-3470","post","type-post","status-publish","format-standard","hentry","category-marques-montres-luxe","tag-montres-de-luxe"],"_links":{"self":[{"href":"https:\/\/www.interor.fr\/montresdeluxe\/wp-json\/wp\/v2\/posts\/3470","targetHints":{"allow":["GET"]}}],"collection":[{"href":"https:\/\/www.interor.fr\/montresdeluxe\/wp-json\/wp\/v2\/posts"}],"about":[{"href":"https:\/\/www.interor.fr\/montresdeluxe\/wp-json\/wp\/v2\/types\/post"}],"author":[{"embeddable":true,"href":"https:\/\/www.interor.fr\/montresdeluxe\/wp-json\/wp\/v2\/users\/6"}],"replies":[{"embeddable":true,"href":"https:\/\/www.interor.fr\/montresdeluxe\/wp-json\/wp\/v2\/comments?post=3470"}],"version-history":[{"count":0,"href":"https:\/\/www.interor.fr\/montresdeluxe\/wp-json\/wp\/v2\/posts\/3470\/revisions"}],"wp:attachment":[{"href":"https:\/\/www.interor.fr\/montresdeluxe\/wp-json\/wp\/v2\/media?parent=3470"}],"wp:term":[{"taxonomy":"category","embeddable":true,"href":"https:\/\/www.interor.fr\/montresdeluxe\/wp-json\/wp\/v2\/categories?post=3470"},{"taxonomy":"post_tag","embeddable":true,"href":"https:\/\/www.interor.fr\/montresdeluxe\/wp-json\/wp\/v2\/tags?post=3470"}],"curies":[{"name":"wp","href":"https:\/\/api.w.org\/{rel}","templated":true}]}}