{"id":997,"date":"2014-10-18T03:06:58","date_gmt":"2014-10-18T02:06:58","guid":{"rendered":"https:\/\/www.interor.fr\/actualites\/?p=997"},"modified":"2014-10-17T15:07:12","modified_gmt":"2014-10-17T14:07:12","slug":"prix-du-platine-niveaux-minimums-cinq-ans","status":"publish","type":"post","link":"https:\/\/www.interor.fr\/actualites\/prix-du-platine-niveaux-minimums-cinq-ans\/","title":{"rendered":"Achat platine: des prix \u00e0 des niveaux minimums de cinq ans\u2026"},"content":{"rendered":"<p>Les prix du platine ont chut\u00e9 au niveau le plus bas en presque cinq ann\u00e9es et la diminution de l\u2019accroissement \u00e9conomique hors des Etats-Unis a \u00e9veill\u00e9 des pr\u00e9occupations concernant l&rsquo;<a title=\"achat platine\" href=\"http:\/\/www.interor.fr\/interorpt.html\" target=\"_blank\">achat de platine<\/a>.<\/p>\n<p>Jusqu\u2019\u00e0 pr\u00e9sent, 2014 a \u00e9t\u00e9 une ann\u00e9e avec des moments difficiles pour le prix du platine qui est utilis\u00e9 dans les filtres et tubes d\u2019\u00e9chappement des automobiles. Durant cinq mois de gr\u00e8ve dans les mines d\u2019Afrique du sud, la gr\u00e8ve la plus longue de l\u2019histoire des miniers du platine, les fournitures de ce m\u00e9tal ont \u00e9t\u00e9 r\u00e9duites durant cette ann\u00e9e. Mais la fin de la gr\u00e8ve et les m\u00e9diocres r\u00e9sultats \u00e9conomiques en Europe et au Japon ont amen\u00e9 les prix du platine \u00e0 baisser de 14% depuis son record de juillet dernier \u00e0 1517 dollars l\u2019once troy.<\/p>\n<p>Le facteur le plus important qui affecte la cotation du platine correspond aux mauvaises pr\u00e9visions de ventes automobiles dans les \u00e9conomies europ\u00e9enne et japonaise qui se sont ralenties. Environ 38% de la demande mondiale de platine provient du secteur automobile, surtout des moteurs di\u00e9sel. A la diff\u00e9rence de l\u2019or et de l\u2019argent m\u00e9tal qui sont des m\u00e9taux mon\u00e9taires que les investisseurs utilisent comme une couverture contre l\u2019incertitude politique ou \u00e9conomique, le platine est un reflet plus clair des r\u00e9alit\u00e9s \u00e9conomiques. Et actuellement, les bonnes donn\u00e9es sur l\u2019accroissement mondial hors des Etats-Unis se font rares voire inexistantes.<\/p>\n<p>La croissance nulle en Europe et au Japon<\/p>\n<p>La croissance europ\u00e9enne a \u00e9t\u00e9 r\u00e9duite au point mort, ce qui a oblig\u00e9 la Banque Centrale Europ\u00e9enne (BCE) \u00e0 baisser les taux d\u2019int\u00e9r\u00eats et \u00e0 annoncer de nouveaux plans de stimulation dans sa r\u00e9union de politique mon\u00e9taire du d\u00e9but septembre. L\u2019\u00e9conomie japonaise s\u2019est l\u00e9g\u00e8rement am\u00e9lior\u00e9e durant le second trimestre et est arriv\u00e9e \u00e0 son plus important rythme depuis 2009. Au m\u00eame moment, les fournitures de platine augmentaient. Les mines d\u2019Afrique du Sud, le plus important producteur mondial de ce m\u00e9tal, augmentaient aussi leur production. La Russie, le second producteur mondial, a suivi en exportant malgr\u00e9 que les autres nations lui aient impos\u00e9 des sanctions pour le conflit en Ukraine. Avec une demande incertaine et l\u2019augmentation des fournitures, certains investisseurs ont \u00ab\u00a0boud\u00e9\u00a0\u00bb le platine. La quantit\u00e9 du m\u00e9tal de la part des fonds n\u00e9goci\u00e9s en bourse a chut\u00e9 \u00e0 son niveau le plus de l\u2019ann\u00e9e.<\/p>\n<p>Est-ce le moment d\u2019investir en platine\u00a0?<\/p>\n<p>Certains investisseurs pensent que le pire de la chute du prix du platine est termin\u00e9. Les prix bas de ce m\u00e9tal peuvent attirer plus d\u2019acheteurs en Chine. La diff\u00e9rence entre le prix du platine et celui de l\u2019or s\u2019est r\u00e9duite de fa\u00e7on importante dans la situation actuelle. En se r\u00e9duisant, la diff\u00e9rence entre ces deux m\u00e9taux pourrait amener les investisseurs \u00e0 utiliser une strat\u00e9gie o\u00f9 ils vendraient leur or pour acheter du platine et en esp\u00e9rant que le prix du platine d\u00e9passera celui de l\u2019or. Cela pourrait aussi stimuler les prix du platine.<\/p>\n<p>Cependant, actuellement, les ventes de ce m\u00e9tal stimulent le march\u00e9 selon certains analystes financiers. Toujours d\u2019apr\u00e8s eux, les prix du platine sont sur\u00e9lev\u00e9s et une prochaine vague de baisses pourrait bien se produire\u2026<\/p>\n","protected":false},"excerpt":{"rendered":"<p>Les prix du platine ont chut\u00e9 au niveau le plus bas en presque cinq ann\u00e9es et la diminution de l\u2019accroissement \u00e9conomique hors des Etats-Unis a \u00e9veill\u00e9 des pr\u00e9occupations concernant l&rsquo;achat de platine. Jusqu\u2019\u00e0 pr\u00e9sent, 2014 a \u00e9t\u00e9 une ann\u00e9e avec des moments difficiles pour le prix du platine qui est utilis\u00e9 dans les filtres et &hellip; <a href=\"https:\/\/www.interor.fr\/actualites\/prix-du-platine-niveaux-minimums-cinq-ans\/\" class=\"more-link\">Continuer la lecture de <span class=\"screen-reader-text\">Achat platine: des prix \u00e0 des niveaux minimums de cinq ans\u2026<\/span><\/a><\/p>\n","protected":false},"author":3,"featured_media":0,"comment_status":"closed","ping_status":"open","sticky":false,"template":"","format":"standard","meta":{"iawp_total_views":1,"footnotes":""},"categories":[34],"tags":[],"class_list":["post-997","post","type-post","status-publish","format-standard","hentry","category-achat-platine"],"_links":{"self":[{"href":"https:\/\/www.interor.fr\/actualites\/wp-json\/wp\/v2\/posts\/997","targetHints":{"allow":["GET"]}}],"collection":[{"href":"https:\/\/www.interor.fr\/actualites\/wp-json\/wp\/v2\/posts"}],"about":[{"href":"https:\/\/www.interor.fr\/actualites\/wp-json\/wp\/v2\/types\/post"}],"author":[{"embeddable":true,"href":"https:\/\/www.interor.fr\/actualites\/wp-json\/wp\/v2\/users\/3"}],"replies":[{"embeddable":true,"href":"https:\/\/www.interor.fr\/actualites\/wp-json\/wp\/v2\/comments?post=997"}],"version-history":[{"count":0,"href":"https:\/\/www.interor.fr\/actualites\/wp-json\/wp\/v2\/posts\/997\/revisions"}],"wp:attachment":[{"href":"https:\/\/www.interor.fr\/actualites\/wp-json\/wp\/v2\/media?parent=997"}],"wp:term":[{"taxonomy":"category","embeddable":true,"href":"https:\/\/www.interor.fr\/actualites\/wp-json\/wp\/v2\/categories?post=997"},{"taxonomy":"post_tag","embeddable":true,"href":"https:\/\/www.interor.fr\/actualites\/wp-json\/wp\/v2\/tags?post=997"}],"curies":[{"name":"wp","href":"https:\/\/api.w.org\/{rel}","templated":true}]}}