{"id":982,"date":"2014-10-12T12:02:26","date_gmt":"2014-10-12T11:02:26","guid":{"rendered":"https:\/\/www.interor.fr\/actualites\/?p=982"},"modified":"2014-10-12T12:02:26","modified_gmt":"2014-10-12T11:02:26","slug":"les-prix-lor-face-super-dollar-partie-i","status":"publish","type":"post","link":"https:\/\/www.interor.fr\/actualites\/les-prix-lor-face-super-dollar-partie-i\/","title":{"rendered":"Les prix de l\u2019or face \u00e0 un \u00ab super dollar \u00bb (partie I)"},"content":{"rendered":"<p>Le dollar monte, l\u2019or baisse\u2026 cela parait \u00eatre la r\u00e8gle g\u00e9n\u00e9rale pour les investisseurs en m\u00e9taux pr\u00e9cieux qui recherchent une hausse \u00e0 long terme du dollar depuis que les taux ont commenc\u00e9 \u00e0 fluctuer depuis 1973.<\/p>\n<p>Nous sommes pratiquement \u00e0 la fin de 2014 et il semble que la troisi\u00e8me tendance haussi\u00e8re de l\u2019ann\u00e9e du dollar selon les <a title=\"accords de Bretton Woods\" href=\"http:\/\/fr.wikipedia.org\/wiki\/Accords_de_Bretton_Woods\" target=\"_blank\">accords de Bretton Woods<\/a> soit en chemin d\u2019apr\u00e8s l\u2019ex chef \u00e9conomiste de la banque suisses UBS, monsieur Magnus.<\/p>\n<p>A-t-il raison\u00a0? Concernant les <a title=\"prix de l'or\" href=\"http:\/\/www.interor.fr\/cotation_de_l_or.html\" target=\"_blank\">prix de l\u2019or<\/a>, le point important est la direction dans laquelle va le dollar au lieu de v\u00e9rifier son niveau absolu. Suite aux niveaux minimums du printemps de 2011, le dollar est actuellement tr\u00e8s loin de ce qui pourrait \u00eatre un \u00ab\u00a0super dollar\u00a0\u00bb des d\u00e9buts des ann\u00e9es 80. Il y a donc des faits qui nous rappellent certains \u00e9v\u00e8nements\u00a0:<\/p>\n<p>Le march\u00e9 des \u00ab\u00a0commodities\u00a0\u00bb comme l\u2019or, l\u2019argent m\u00e9tal, le palladium, le platine a t-il \u00e9t\u00e9 satur\u00e9 apr\u00e8s avoir \u00e9t\u00e9 longtemps \u00e0 la hausse? La r\u00e9ponse est\u00a0: oui<\/p>\n<p>Les prix de l\u2019or, de l\u2019argent et autres m\u00e9taux pr\u00e9cieux ont-ils baiss\u00e9 pour les consommateurs\u00a0? La r\u00e9ponse est oui<\/p>\n<p>Sommes-nous face \u00e0 des \u00e9conomies concurrentielles plus faibles en Europe\u00a0? Oui<\/p>\n<p>Les pays \u00e9mergeant ont-ils contact\u00e9 trop de pr\u00eats\u00a0? Oui<\/p>\n<p>Y a-t-il une forte politique mon\u00e9taire am\u00e9ricaine face aux hausses des taux du dollar\u00a0? Non<\/p>\n<p>M\u00eame avec la R\u00e9serve F\u00e9d\u00e9rale qui est encore loin d\u2019augmenter les taux, le troisi\u00e8me trimestre 2014 a \u00e9t\u00e9 assez pessimiste pour les investisseurs d\u2019actifs non am\u00e9ricains contre le dollar.<\/p>\n<p>L\u2019or, en terme de dollar, a termin\u00e9 septembre en avoisinant les niveaux les plus bas de l\u2019ann\u00e9e 2014 et avec une chute mensuelle de 5.8% pour le Fix PM de Londres. L\u2019argent m\u00e9tal a chut\u00e9 \u00e0 son niveau le plus bas contre le dollar depuis mai 2014 et de plus de 12% depuis la fin d\u2019aout.<\/p>\n<p>Cependant, l\u2019or contre l\u2019euro continue d\u2019\u00eatre proche de son niveau le plus haut d\u2019il y a douze mois. Y compris face \u00e0 la livre sterling, l\u2019or s\u2019est maintenu \u00e0 un niveau de 3% depuis le d\u00e9but de l\u2019ann\u00e9e.<\/p>\n<p>Autrement dit, la r\u00e9cente chute de l\u2019or est relative. Cette diff\u00e9rence entre les prix de l\u2019or en dollars et dans d\u2019autres devises pourrait s\u2019intensifier en octobre.<\/p>\n<p>Les analystes sont d\u2019accord avec ceux qui pensent que l\u2019euro va baisser en misant contre celui-ci sur le march\u00e9 des devises. La Barclays bank a modifi\u00e9 cette semaine sa pr\u00e9vision \u00e0 douze mois pour l\u2019EUR\/USD de 1.25$ \u00e0 1.1$, un mouvement qui, s\u2019il se produisait, am\u00e8nerait l\u2019indice \u00e0 son maximum. Il se peut qu\u2019une chute de l\u2019euro poussera encore plus les prix de l\u2019or vers le bas pendant qu\u2019au m\u00eame moment la valeur du dollar montera.<\/p>\n<p><em>suite de cet article dans l&rsquo;article suivant&#8230;<\/em><\/p>\n","protected":false},"excerpt":{"rendered":"<p>Le dollar monte, l\u2019or baisse\u2026 cela parait \u00eatre la r\u00e8gle g\u00e9n\u00e9rale pour les investisseurs en m\u00e9taux pr\u00e9cieux qui recherchent une hausse \u00e0 long terme du dollar depuis que les taux ont commenc\u00e9 \u00e0 fluctuer depuis 1973. Nous sommes pratiquement \u00e0 la fin de 2014 et il semble que la troisi\u00e8me tendance haussi\u00e8re de l\u2019ann\u00e9e du &hellip; <a href=\"https:\/\/www.interor.fr\/actualites\/les-prix-lor-face-super-dollar-partie-i\/\" class=\"more-link\">Continuer la lecture de <span class=\"screen-reader-text\">Les prix de l\u2019or face \u00e0 un \u00ab super dollar \u00bb (partie I)<\/span><\/a><\/p>\n","protected":false},"author":3,"featured_media":0,"comment_status":"closed","ping_status":"open","sticky":false,"template":"","format":"standard","meta":{"iawp_total_views":0,"footnotes":""},"categories":[3],"tags":[],"class_list":["post-982","post","type-post","status-publish","format-standard","hentry","category-marche-de-lor"],"_links":{"self":[{"href":"https:\/\/www.interor.fr\/actualites\/wp-json\/wp\/v2\/posts\/982","targetHints":{"allow":["GET"]}}],"collection":[{"href":"https:\/\/www.interor.fr\/actualites\/wp-json\/wp\/v2\/posts"}],"about":[{"href":"https:\/\/www.interor.fr\/actualites\/wp-json\/wp\/v2\/types\/post"}],"author":[{"embeddable":true,"href":"https:\/\/www.interor.fr\/actualites\/wp-json\/wp\/v2\/users\/3"}],"replies":[{"embeddable":true,"href":"https:\/\/www.interor.fr\/actualites\/wp-json\/wp\/v2\/comments?post=982"}],"version-history":[{"count":0,"href":"https:\/\/www.interor.fr\/actualites\/wp-json\/wp\/v2\/posts\/982\/revisions"}],"wp:attachment":[{"href":"https:\/\/www.interor.fr\/actualites\/wp-json\/wp\/v2\/media?parent=982"}],"wp:term":[{"taxonomy":"category","embeddable":true,"href":"https:\/\/www.interor.fr\/actualites\/wp-json\/wp\/v2\/categories?post=982"},{"taxonomy":"post_tag","embeddable":true,"href":"https:\/\/www.interor.fr\/actualites\/wp-json\/wp\/v2\/tags?post=982"}],"curies":[{"name":"wp","href":"https:\/\/api.w.org\/{rel}","templated":true}]}}