{"id":691,"date":"2014-05-07T18:25:47","date_gmt":"2014-05-07T17:25:47","guid":{"rendered":"https:\/\/www.interor.fr\/actualites\/?p=691"},"modified":"2014-05-07T18:26:44","modified_gmt":"2014-05-07T17:26:44","slug":"prix-lor-recule-durant-premiere-semaine-mai","status":"publish","type":"post","link":"https:\/\/www.interor.fr\/actualites\/prix-lor-recule-durant-premiere-semaine-mai\/","title":{"rendered":"Le prix de l\u2019or a recul\u00e9 durant cette premi\u00e8re semaine de mai\u2026"},"content":{"rendered":"<p>Cette baisse est due aux bonnes donn\u00e9es macro-\u00e9conomiques des Etats-Unis.<\/p>\n<p>La publication hebdomadaire des donn\u00e9es de l\u2019\u00e9conomie nord-am\u00e9ricaine a eu pour cons\u00e9quence la baisse du prix de l\u2019or sur les march\u00e9s internationaux. Ces variables macro-\u00e9conomiques refl\u00e8tent un comportement positif de la premi\u00e8re \u00e9conomie du monde bien qu\u2019elle ne soit pas exempte de probl\u00e8mes que ce soit \u00e0 cause de la r\u00e9duction importante du ch\u00f4mage ou de la rigidit\u00e9 de l\u2019accroissement \u00e9conomique. Si on d\u00e9comptait les programmes de frais de l\u2019administration publique, l\u2019\u00e9conomique am\u00e9ricaine serait en croissance de 3 points au-dessous de l\u2019accroissement actuel.<\/p>\n<p>Malgr\u00e9 cela, les investisseurs interpr\u00e8tent les donn\u00e9es publiques comme des signes positifs vers le chemin de la r\u00e9cup\u00e9ration. En ce sens, <a title=\"Prix de l'or\" href=\"http:\/\/www.interor.fr\/cotation_de_l_or.html\" target=\"_blank\">les prix de l\u2019or<\/a> ont subi aussi la baisse du programme d\u2019expansion mon\u00e9taire QE (aux environs de 10.000 millions de dollars) dont la r\u00e9union a eu lieu le mercredi 30 avril. Cette r\u00e9duction s\u2019est r\u00e9alis\u00e9e conform\u00e9ment au calendrier pr\u00e9vu par la R\u00e9serve F\u00e9d\u00e9rale et celui de l\u2019ensemble des analystes.<\/p>\n<p>Les indicateurs macro-\u00e9conomiques les plus \u00e9vocateurs ont \u00e9t\u00e9 publi\u00e9s fin de semaine derni\u00e8re concernant les domaines de l\u2019industrie et des services comme celui de l\u2019indice ISM des manufactures, l\u2019indice d\u2019achat de logements, les demandes hebdomadaires du ch\u00f4mage et les salaires non agricoles. Dans le cas des salaires et d\u2019apr\u00e8s les donn\u00e9es de Bloomberg, ils augmenteront progressivement pour atteindre les 218.000 en Novembre. Dans le cas de l\u2019ISM des manufactures, la lecture provisoire d\u2019avril \u00e9tait de 54.9 points tandis qu\u2019en mars elle \u00e9tait de 53.7. Du c\u00f4t\u00e9 de la consommation, les d\u00e9penses ont augment\u00e9 de 0.9% contre 1.1% esp\u00e9r\u00e9 en Mars.<\/p>\n<p>Les cotations des m\u00e9taux pr\u00e9cieux<\/p>\n<p>Les donn\u00e9es macro-\u00e9conomiques des Etats-Unis ont amen\u00e9 le prix de l\u2019or aux environs des 1284 dollars l\u2019once avec une l\u00e9g\u00e8re correction des prix pour les op\u00e9rations \u00e0 terme au-dessous du prix au comptant (situation de <a title=\"backwardation\" href=\"http:\/\/en.wikipedia.org\/wiki\/Normal_backwardation\" target=\"_blank\">backwardation<\/a>). Depuis le d\u00e9but de l\u2019ann\u00e9e, l\u2019or a augment\u00e9 de 6.74% \u00e9tant ainsi une des mati\u00e8res premi\u00e8res la plus rentable.<\/p>\n<p>Concernant les r\u00e9serves du plus important fond cotis\u00e9 en Bourse de l\u2019or du monde, le SPDR Gold Trust, elles ont baiss\u00e9 de 0.3% dans la journ\u00e9e de vendredi dernier le laissant \u00e0 785.55 tonnes, son niveau le plus bas depuis janvier 2009. Dans le dernier mois, la sortie des r\u00e9serves a \u00e9t\u00e9 quantifi\u00e9e \u00e0 25.10 tonnes tandis qu\u2019en F\u00e9vrier et mars, il y a eu des entr\u00e9es pour 19.9 tonnes.<\/p>\n<p>L\u2019once du m\u00e9tal argent perd aussi des positions. A la fermeture de vendredi 2 mai, l\u2019argent a baiss\u00e9 de 0.4% soit 18.96 dollars l\u2019\u2019once. D\u2019un autre c\u00f4t\u00e9, le platine comme le palladium ont r\u00e9troc\u00e9d\u00e9 l\u00e9g\u00e8rement. Le palladium a cotis\u00e9 aux environs des 814 dollars l\u2019once tandis que la cotation du palladium s\u2019est \u00e9lev\u00e9e \u00e0 1420 dollars l\u2019once.<\/p>\n<p>Source: <a title=\"Prix de l'or\" href=\"http:\/\/www.interor.fr\" target=\"_blank\">www.interor.fr<\/a><\/p>\n","protected":false},"excerpt":{"rendered":"<p>Cette baisse est due aux bonnes donn\u00e9es macro-\u00e9conomiques des Etats-Unis. La publication hebdomadaire des donn\u00e9es de l\u2019\u00e9conomie nord-am\u00e9ricaine a eu pour cons\u00e9quence la baisse du prix de l\u2019or sur les march\u00e9s internationaux. Ces variables macro-\u00e9conomiques refl\u00e8tent un comportement positif de la premi\u00e8re \u00e9conomie du monde bien qu\u2019elle ne soit pas exempte de probl\u00e8mes que ce &hellip; <a href=\"https:\/\/www.interor.fr\/actualites\/prix-lor-recule-durant-premiere-semaine-mai\/\" class=\"more-link\">Continuer la lecture de <span class=\"screen-reader-text\">Le prix de l\u2019or a recul\u00e9 durant cette premi\u00e8re semaine de mai\u2026<\/span><\/a><\/p>\n","protected":false},"author":3,"featured_media":0,"comment_status":"open","ping_status":"open","sticky":false,"template":"","format":"standard","meta":{"iawp_total_views":0,"footnotes":""},"categories":[3],"tags":[],"class_list":["post-691","post","type-post","status-publish","format-standard","hentry","category-marche-de-lor"],"_links":{"self":[{"href":"https:\/\/www.interor.fr\/actualites\/wp-json\/wp\/v2\/posts\/691","targetHints":{"allow":["GET"]}}],"collection":[{"href":"https:\/\/www.interor.fr\/actualites\/wp-json\/wp\/v2\/posts"}],"about":[{"href":"https:\/\/www.interor.fr\/actualites\/wp-json\/wp\/v2\/types\/post"}],"author":[{"embeddable":true,"href":"https:\/\/www.interor.fr\/actualites\/wp-json\/wp\/v2\/users\/3"}],"replies":[{"embeddable":true,"href":"https:\/\/www.interor.fr\/actualites\/wp-json\/wp\/v2\/comments?post=691"}],"version-history":[{"count":0,"href":"https:\/\/www.interor.fr\/actualites\/wp-json\/wp\/v2\/posts\/691\/revisions"}],"wp:attachment":[{"href":"https:\/\/www.interor.fr\/actualites\/wp-json\/wp\/v2\/media?parent=691"}],"wp:term":[{"taxonomy":"category","embeddable":true,"href":"https:\/\/www.interor.fr\/actualites\/wp-json\/wp\/v2\/categories?post=691"},{"taxonomy":"post_tag","embeddable":true,"href":"https:\/\/www.interor.fr\/actualites\/wp-json\/wp\/v2\/tags?post=691"}],"curies":[{"name":"wp","href":"https:\/\/api.w.org\/{rel}","templated":true}]}}