{"id":542,"date":"2013-10-15T18:12:07","date_gmt":"2013-10-15T17:12:07","guid":{"rendered":"https:\/\/www.interor.fr\/actualites\/?p=542"},"modified":"2013-10-18T14:33:45","modified_gmt":"2013-10-18T13:33:45","slug":"quelle-relation-prix-lor-situation-economique-us","status":"publish","type":"post","link":"https:\/\/www.interor.fr\/actualites\/quelle-relation-prix-lor-situation-economique-us\/","title":{"rendered":"Quelle est la relation entre le prix de l\u2019or et la situation \u00e9conomique des USA ?"},"content":{"rendered":"<p>Le futur du march\u00e9 de l\u2019or d\u00e9pend dans une certaine mesure du cours des \u00e9v\u00e9nements \u00e9conomiques et financiers des Etats-Unis. La premi\u00e8re puissance \u00e9conomique et politique du monde vit dans un \u00e9tat de \u00ab\u00a0bulle\u00a0\u00bb permanent d\u00fb \u00e0 l\u2019application d\u2019une politique mon\u00e9taire tr\u00e8s agressive et \u00e0 l\u2019augmentation exponentielle de l\u2019endettement public qui conditionne l\u2019\u00e9volution du <a title=\"prix de l'or\" href=\"http:\/\/www.interor.fr\/cotation_de_l_or.html\" target=\"_blank\">prix de l\u2019or<\/a>.<\/p>\n<p>Malgr\u00e9 les milliards de dollars \u00e9mis pour soutenir artificiellement l\u2019\u00e9conomie et \u00e9viter un processus d\u2019ajustement apr\u00e8s les exc\u00e8s de d\u00e9penses et d\u2019investissements r\u00e9alis\u00e9s dans la d\u00e9cade pr\u00e9c\u00e9dente, l\u2019\u00e9conomie nord-am\u00e9ricaine se maintient dans une situation fragile et dans une importante incertitude quant \u00e0 ses principaux variables macro-\u00e9conomiques. Il y a quelques mois, nous \u00e9tions surpris des bons r\u00e9sultats du ch\u00f4mage et de la reprise \u00e9ventuelle de l\u2019activit\u00e9 \u00e9conomique mais peu de temps apr\u00e8s des r\u00e9sultats n\u00e9gatifs nous faisaient penser au pire.<\/p>\n<p>Cette situation de \u00ab\u00a0un jour blanc, un jour noir\u00a0\u00bb est un r\u00e9el signe de distorsions dans la formation des prix et qui a provoqu\u00e9 l\u2019intervention continue et forte de la R\u00e9serve F\u00e9d\u00e9rale. Personne ne sait si les prix de l\u2019immobilier montent parce que sa valeur r\u00e9elle augmente ou si c\u2019est un des moyens d\u2019\u00e9chapper aux injections de liquidit\u00e9 de la Fed. Et <a title=\"prix de l'or\" href=\"http:\/\/www.interor.fr\/vendre-or.html\">rien de nouveau sur les prix de l&rsquo;or<\/a>\u00a0non plus !<\/p>\n<p>Personne ne sait non plus si la dette publique ou les actions qui cotisent \u00e0 Wall Street poss\u00e8dent une valeur \u00e9quivalente aux cotations qui sont enregistr\u00e9es quotidiennement. Que ce soit pour le march\u00e9 financier ou pour le march\u00e9 de l\u2019immobilier, elles sont soumises \u00e0 des inflations et par cons\u00e9quent, elles poss\u00e8dent une valeur apparente qui d\u00e9nature la valeur r\u00e9elle et donne lieu \u00e0 une cha\u00eene d\u2019erreurs.<\/p>\n<p>Avec cette conjoncture, il n\u2019est pas \u00e9trange que chaque mois nous ayons des donn\u00e9es diff\u00e9rentes m\u00eame parfois contradictoires dans les principales variables macro\u00e9conomiques. Les derni\u00e8res en date sont positives bien qu\u2019elles ne soient pas spectaculaires. L\u2019indice des prix de l\u2019immobilier S&P a augment\u00e9 de 12.1% en comparaison du m\u00eame mois de l\u2019ann\u00e9e derni\u00e8re. D\u2019un autre c\u00f4t\u00e9, les demandes hebdomadaires du ch\u00f4mage se sont r\u00e9duites de 36.000. En plus de ces donn\u00e9es, il s\u2019est produit la plus importante augmentation du prix de l\u2019or depuis 2011. L\u2019accroissement du prix \u00e0 \u00e9ch\u00e9ance des op\u00e9rations \u00e0 terme au Comex a \u00e9t\u00e9 de 20.7% depuis la fin juin, p\u00e9riode o\u00f9 il avait touch\u00e9 le fond.<\/p>\n<p>Pour beaucoup d\u2019analystes, de bonnes donn\u00e9es de croissance et d\u2019emploi aux Etats-Unis se traduisent par de mauvaises perspectives pour <a title=\"prix de l'or\" href=\"http:\/\/www.interor.fr\/legislation_achat_or.html\" target=\"_blank\">le prix de l\u2019or<\/a>. Cette corr\u00e9lation est, encore une fois, non fiable \u00e9tant donn\u00e9 que <a title=\"cours de l'or\" href=\"http:\/\/www.interor.fr\/fiscalite_de_l_or.html\"><strong>le prix de l\u2019or d\u00e9pend d\u2019une \u00e9norme quantit\u00e9 de variables diff\u00e9rentes<\/strong><\/a> et tr\u00e8s \u00e9loign\u00e9es de la conjoncture \u00e9conomique des Etats-Unis.<\/p>\n<p>Par cons\u00e9quent, il n\u2019est pas prouv\u00e9 que lorsque l\u2019\u00e9conomie des Etats-Unis va bien, le prix de l\u2019or va mal et vice-versa. La preuve est tr\u00e8s facile \u00e0 constater\u00a0: v\u00e9rifions ce qui s\u2019est pass\u00e9 avec l\u2019or dans les quinze derni\u00e8res ann\u00e9es et quelle \u00e9tait la situation \u00e9conomique am\u00e9ricaine dans les m\u00eames moments. Tandis que les principaux analystes ou investisseurs montaient dans le train de la \u00ab\u00a0bulle\u00a0financi\u00e8re\u00bb, d\u2019autres ont opt\u00e9 pour <a title=\"Achat or\" href=\"http:\/\/www.interor.fr\/achat_bijoux.html\" target=\"_blank\">acheter de l\u2019or<\/a> et faire partie d\u2019un march\u00e9 haussier qui a dur\u00e9 jusqu\u2019\u00e0 cette ann\u00e9e 2013.<\/p>\n","protected":false},"excerpt":{"rendered":"<p>Le futur du march\u00e9 de l\u2019or d\u00e9pend dans une certaine mesure du cours des \u00e9v\u00e9nements \u00e9conomiques et financiers des Etats-Unis. La premi\u00e8re puissance \u00e9conomique et politique du monde vit dans un \u00e9tat de \u00ab\u00a0bulle\u00a0\u00bb permanent d\u00fb \u00e0 l\u2019application d\u2019une politique mon\u00e9taire tr\u00e8s agressive et \u00e0 l\u2019augmentation exponentielle de l\u2019endettement public qui conditionne l\u2019\u00e9volution du prix &hellip; <a href=\"https:\/\/www.interor.fr\/actualites\/quelle-relation-prix-lor-situation-economique-us\/\" class=\"more-link\">Continuer la lecture de <span class=\"screen-reader-text\">Quelle est la relation entre le prix de l\u2019or et la situation \u00e9conomique des USA ?<\/span><\/a><\/p>\n","protected":false},"author":3,"featured_media":0,"comment_status":"open","ping_status":"open","sticky":false,"template":"","format":"standard","meta":{"iawp_total_views":0,"footnotes":""},"categories":[1],"tags":[6,18],"class_list":["post-542","post","type-post","status-publish","format-standard","hentry","category-cours-or","tag-prix-de-lor","tag-prix-gramme-dor"],"_links":{"self":[{"href":"https:\/\/www.interor.fr\/actualites\/wp-json\/wp\/v2\/posts\/542","targetHints":{"allow":["GET"]}}],"collection":[{"href":"https:\/\/www.interor.fr\/actualites\/wp-json\/wp\/v2\/posts"}],"about":[{"href":"https:\/\/www.interor.fr\/actualites\/wp-json\/wp\/v2\/types\/post"}],"author":[{"embeddable":true,"href":"https:\/\/www.interor.fr\/actualites\/wp-json\/wp\/v2\/users\/3"}],"replies":[{"embeddable":true,"href":"https:\/\/www.interor.fr\/actualites\/wp-json\/wp\/v2\/comments?post=542"}],"version-history":[{"count":0,"href":"https:\/\/www.interor.fr\/actualites\/wp-json\/wp\/v2\/posts\/542\/revisions"}],"wp:attachment":[{"href":"https:\/\/www.interor.fr\/actualites\/wp-json\/wp\/v2\/media?parent=542"}],"wp:term":[{"taxonomy":"category","embeddable":true,"href":"https:\/\/www.interor.fr\/actualites\/wp-json\/wp\/v2\/categories?post=542"},{"taxonomy":"post_tag","embeddable":true,"href":"https:\/\/www.interor.fr\/actualites\/wp-json\/wp\/v2\/tags?post=542"}],"curies":[{"name":"wp","href":"https:\/\/api.w.org\/{rel}","templated":true}]}}