{"id":530,"date":"2013-10-07T12:36:26","date_gmt":"2013-10-07T11:36:26","guid":{"rendered":"https:\/\/www.interor.fr\/actualites\/?p=530"},"modified":"2013-10-07T12:36:26","modified_gmt":"2013-10-07T11:36:26","slug":"nouveau-president-conseil-mondial-lor-wgc","status":"publish","type":"post","link":"https:\/\/www.interor.fr\/actualites\/nouveau-president-conseil-mondial-lor-wgc\/","title":{"rendered":"Un nouveau pr\u00e9sident pour le Conseil Mondial de l\u2019Or"},"content":{"rendered":"<p dir=\"ltr\">Randall Oliphant a \u00e9t\u00e9 nomm\u00e9 le 25 septembre dernier pr\u00e9sident du Conseil Mondial de l\u2019Or &#8211; WGC. Il succ\u00e8de \u00e0 Ian Telfer, pr\u00e9sident ex\u00e9cutif de Goldcorp, qui \u00e9tait en charge de ce poste depuis septembre 2010. Monsieur Oliphant est pr\u00e9sident ex\u00e9cutif de la soci\u00e9t\u00e9 mini\u00e8re productrice d\u2019or canadien la \u00ab\u00a0New Gold Inc\u00a0\u00bb, et compte 30 ann\u00e9es d\u2019exp\u00e9rience dans le secteur. Le Conseil Mondial de l\u2019Or est compos\u00e9 des 23 meilleures compagnies mini\u00e8res d\u2019or du monde.<\/p>\n<p dir=\"ltr\">Monsieur Oliphant a indiqu\u00e9\u00a0qu&rsquo;il\u00a0allait poursuivre la t\u00e2che de son successeur en augmentant les r\u00e9ussites du pass\u00e9 de la WGC et qu&rsquo;il continuerait \u00e0 promouvoir l\u2019importance de la <a title=\"vendre or\" href=\"http:\/\/www.interor.fr\/vendre-or.html\" target=\"_blank\">possession d\u2019or<\/a> de placement dans le but de diversifier les portefeuilles.<\/p>\n<p dir=\"ltr\">\u201cLe Conseil Mondial de l\u2019Or (WGC) a de grandes initiatives en cours de r\u00e9alisation. Nous sommes en train de travailler avec les administrateurs de fonds de pensions concernant les produits de placement en or\u201d assure M. Oliphant en ajoutant\u00a0qu&rsquo;ils\u00a0\u00e9taient en train de d\u00e9velopper de nouveaux produits sur l\u2019or pour les investisseurs\u00a0qu&rsquo;ils\u00a0soient d\u00e9taillants ou institutionnels sans pouvoir donner plus de d\u00e9tails sur le sujet pour le moment.<\/p>\n<p dir=\"ltr\">\u201cLa forte demande d\u2019<a title=\"achat or\" href=\"http:\/\/www.interor.fr\" target=\"_blank\">or physique<\/a> qui a commenc\u00e9 en Avril apr\u00e8s la pire chute des prix de l\u2019or en 30 ans, est le tout d\u00e9but d\u2019une nouvelle tendance qui pourrait durer pendant des dizaines d\u2019ann\u00e9es\u201d, signale le nouveau pr\u00e9sident du Conseil Mondial de l\u2019Or.<\/p>\n<p dir=\"ltr\">Quant au futur, il a signal\u00e9\u00a0qu&rsquo;il\u00a0continuerait \u00e0 offrir son appui \u00e0 des produits comme les fonds cotis\u00e9s en bourse comme le \u00ab\u00a0SPDR Gold Shares\u00a0\u00bb, le plus important EFT soutenu par l\u2019or mondial et qui est g\u00e9r\u00e9 par le WGC.<\/p>\n<p dir=\"ltr\">Monsieur Oliphant assure que ceux qui <a title=\"achat or\" href=\"http:\/\/www.interor.fr\/achat_d_or.html\" target=\"_blank\">ach\u00e8tent l\u2019or<\/a> \u00e0 long terme aident \u00e0 construire une base solide pour le m\u00e9tal pr\u00e9cieux. \u201cM\u00eame si la demande d\u2019or physique n\u2019est pas aussi forte en Am\u00e9rique du Nord qu\u2019en Asie, il y a des secteurs comme celui des monnaies d\u2019or qui ont le potentiel d\u2019attirer des investisseurs\u201d. Quant \u00e0 l\u2019Europe, il assure\u00a0qu&rsquo;il\u00a0existe un potentiel pour promouvoir l\u2019or comme un outil de placement.<\/p>\n<p dir=\"ltr\">Il a signal\u00e9 que la classe moyenne, toujours croissante, des pays asiatiques et en particulier l\u2019Inde et la Chine qui constituent plus de la moiti\u00e9 du march\u00e9 de l\u2019or, continuera de demander le m\u00e9tal jaune et a ajout\u00e9 qu&rsquo;il\u00a0esp\u00e8re que les banques centrales mondiales continuent d\u2019acheter de l\u2019or dans le but de diversifier leurs r\u00e9serves de devises. Il a rappel\u00e9 que ces m\u00eames banques avaient demand\u00e9 la plus importante quantit\u00e9 d\u2019or en 2012. \u201cJe crois que nous nous trouvons dans les premi\u00e8res phases de ce march\u00e9\u201d a t-il signal\u00e9.<\/p>\n<p>&nbsp;<\/p>\n","protected":false},"excerpt":{"rendered":"<p>Randall Oliphant a \u00e9t\u00e9 nomm\u00e9 le 25 septembre dernier pr\u00e9sident du Conseil Mondial de l\u2019Or &#8211; WGC. Il succ\u00e8de \u00e0 Ian Telfer, pr\u00e9sident ex\u00e9cutif de Goldcorp, qui \u00e9tait en charge de ce poste depuis septembre 2010. Monsieur Oliphant est pr\u00e9sident ex\u00e9cutif de la soci\u00e9t\u00e9 mini\u00e8re productrice d\u2019or canadien la \u00ab\u00a0New Gold Inc\u00a0\u00bb, et compte 30 &hellip; <a href=\"https:\/\/www.interor.fr\/actualites\/nouveau-president-conseil-mondial-lor-wgc\/\" class=\"more-link\">Continuer la lecture de <span class=\"screen-reader-text\">Un nouveau pr\u00e9sident pour le Conseil Mondial de l\u2019Or<\/span><\/a><\/p>\n","protected":false},"author":3,"featured_media":0,"comment_status":"open","ping_status":"open","sticky":false,"template":"","format":"standard","meta":{"iawp_total_views":1,"footnotes":""},"categories":[3],"tags":[],"class_list":["post-530","post","type-post","status-publish","format-standard","hentry","category-marche-de-lor"],"_links":{"self":[{"href":"https:\/\/www.interor.fr\/actualites\/wp-json\/wp\/v2\/posts\/530","targetHints":{"allow":["GET"]}}],"collection":[{"href":"https:\/\/www.interor.fr\/actualites\/wp-json\/wp\/v2\/posts"}],"about":[{"href":"https:\/\/www.interor.fr\/actualites\/wp-json\/wp\/v2\/types\/post"}],"author":[{"embeddable":true,"href":"https:\/\/www.interor.fr\/actualites\/wp-json\/wp\/v2\/users\/3"}],"replies":[{"embeddable":true,"href":"https:\/\/www.interor.fr\/actualites\/wp-json\/wp\/v2\/comments?post=530"}],"version-history":[{"count":0,"href":"https:\/\/www.interor.fr\/actualites\/wp-json\/wp\/v2\/posts\/530\/revisions"}],"wp:attachment":[{"href":"https:\/\/www.interor.fr\/actualites\/wp-json\/wp\/v2\/media?parent=530"}],"wp:term":[{"taxonomy":"category","embeddable":true,"href":"https:\/\/www.interor.fr\/actualites\/wp-json\/wp\/v2\/categories?post=530"},{"taxonomy":"post_tag","embeddable":true,"href":"https:\/\/www.interor.fr\/actualites\/wp-json\/wp\/v2\/tags?post=530"}],"curies":[{"name":"wp","href":"https:\/\/api.w.org\/{rel}","templated":true}]}}