{"id":203,"date":"2013-03-18T17:05:06","date_gmt":"2013-03-18T16:05:06","guid":{"rendered":"https:\/\/www.interor.fr\/actualites\/?p=203"},"modified":"2013-03-18T17:05:06","modified_gmt":"2013-03-18T16:05:06","slug":"achat-or-le-metal-precieux-repart-a-la-hausse","status":"publish","type":"post","link":"https:\/\/www.interor.fr\/actualites\/achat-or-le-metal-precieux-repart-a-la-hausse\/","title":{"rendered":"Achat or : le m\u00e9tal pr\u00e9cieux repart \u00e0 la hausse ?"},"content":{"rendered":"<h1>Si vous avez d\u00e9cid\u00e9 de vendre votre or, la semaine risque de vous \u00eatre favorable.<\/h1>\n<p>En effet, ce lundi, l&rsquo;or a repris toute la baisse de valeur de la semaine pr\u00e9c\u00e9dente et au vu des incertitudes et des d\u00e9cisions financi\u00e8res en Europe, sa valeur risque de s&rsquo;accrocher \u00e0 ce taux des 1600 $ l&rsquo;once (1230 \u20ac l&rsquo;once), d&rsquo;autant plus que la Chine, un des principaux acheteurs mondiaux d&rsquo;or, annonce son intention de limiter ses achats. Par contre, les chinois &#8211; \u00e0 l&rsquo;inverse de leur autorit\u00e9s &#8211; essaient de prot\u00e9ger leur \u00e9pargne en investissant dans l&rsquo;or apr\u00e8s les mesures gouvernementales pour freiner le prix de l&rsquo;immobilier qui est en surchauffe. La demande en or risque donc de ne pas faiblir de ce cot\u00e9 de la plan\u00e8te, entra\u00eenant in\u00e9vitablement une hausse continue du m\u00e9tal pr\u00e9cieux sur les autres places.<\/p>\n<h2><strong>Si vous avez donc de l&rsquo;<a title=\"prix de l'or\" href=\"http:\/\/www.interor.fr\/cotation_de_l_or.html\" target=\"_blank\">or \u00e0 vendre<\/a>, venez demander une <a title=\"Expertise bijou or\" href=\"http:\/\/www.interor.fr\" target=\"_blank\">expertise gratuite de votre bijou en or<\/a> et vous repartirez avec un ch\u00e8que du montant de l&rsquo;objet que vous vendez.<\/strong><\/h2>\n<p>C&rsquo;est certainement la bonne semaine pour en obtenir un meilleur prix que les semaines pass\u00e9es mais encore une fois, rien ne vaut l&rsquo;expertise que nous vous proposons de votre objet en or.<\/p>\n","protected":false},"excerpt":{"rendered":"<p>Si vous avez d\u00e9cid\u00e9 de vendre votre or, la semaine risque de vous \u00eatre favorable. En effet, ce lundi, l&rsquo;or a repris toute la baisse de valeur de la semaine pr\u00e9c\u00e9dente et au vu des incertitudes et des d\u00e9cisions financi\u00e8res en Europe, sa valeur risque de s&rsquo;accrocher \u00e0 ce taux des 1600 $ l&rsquo;once (1230 &hellip; <a href=\"https:\/\/www.interor.fr\/actualites\/achat-or-le-metal-precieux-repart-a-la-hausse\/\" class=\"more-link\">Continuer la lecture de <span class=\"screen-reader-text\">Achat or : le m\u00e9tal pr\u00e9cieux repart \u00e0 la hausse ?<\/span><\/a><\/p>\n","protected":false},"author":1,"featured_media":0,"comment_status":"open","ping_status":"open","sticky":false,"template":"","format":"standard","meta":{"iawp_total_views":0,"footnotes":""},"categories":[1,3],"tags":[7,9],"class_list":["post-203","post","type-post","status-publish","format-standard","hentry","category-cours-or","category-marche-de-lor","tag-achat-or","tag-vendre-or"],"_links":{"self":[{"href":"https:\/\/www.interor.fr\/actualites\/wp-json\/wp\/v2\/posts\/203","targetHints":{"allow":["GET"]}}],"collection":[{"href":"https:\/\/www.interor.fr\/actualites\/wp-json\/wp\/v2\/posts"}],"about":[{"href":"https:\/\/www.interor.fr\/actualites\/wp-json\/wp\/v2\/types\/post"}],"author":[{"embeddable":true,"href":"https:\/\/www.interor.fr\/actualites\/wp-json\/wp\/v2\/users\/1"}],"replies":[{"embeddable":true,"href":"https:\/\/www.interor.fr\/actualites\/wp-json\/wp\/v2\/comments?post=203"}],"version-history":[{"count":0,"href":"https:\/\/www.interor.fr\/actualites\/wp-json\/wp\/v2\/posts\/203\/revisions"}],"wp:attachment":[{"href":"https:\/\/www.interor.fr\/actualites\/wp-json\/wp\/v2\/media?parent=203"}],"wp:term":[{"taxonomy":"category","embeddable":true,"href":"https:\/\/www.interor.fr\/actualites\/wp-json\/wp\/v2\/categories?post=203"},{"taxonomy":"post_tag","embeddable":true,"href":"https:\/\/www.interor.fr\/actualites\/wp-json\/wp\/v2\/tags?post=203"}],"curies":[{"name":"wp","href":"https:\/\/api.w.org\/{rel}","templated":true}]}}