{"id":1847,"date":"2020-10-25T12:57:11","date_gmt":"2020-10-25T11:57:11","guid":{"rendered":"https:\/\/www.interor.fr\/actualites\/?p=1847"},"modified":"2020-10-25T12:57:11","modified_gmt":"2020-10-25T11:57:11","slug":"le-prix-de-lor-et-lelection-presidentielle-americaine-de-2020","status":"publish","type":"post","link":"https:\/\/www.interor.fr\/actualites\/le-prix-de-lor-et-lelection-presidentielle-americaine-de-2020\/","title":{"rendered":"Le prix de l&rsquo;or et l&rsquo;\u00e9lection pr\u00e9sidentielle am\u00e9ricaine de 2020"},"content":{"rendered":"<p>L&rsquo;\u00e9lection pr\u00e9sidentielle am\u00e9ricaine a sans aucun doute un r\u00f4le important \u00e0 jouer non seulement pour d\u00e9cider de l&rsquo;avenir de la plus grande \u00e9conomie du monde, au moins pour les quatre prochaines ann\u00e9es, mais aussi de l&rsquo;\u00e9conomie mondiale dans son ensemble.<\/p>\n<p>C&rsquo;est \u00e9galement une question que les march\u00e9s financiers mondiaux, voire les march\u00e9s des m\u00e9taux, devront prendre en compte dans les semaines \u00e0 venir car elle rev\u00eat une grande importance pour ce secteur.<\/p>\n<p>Il ne fait aucun doute que nous allons assister \u00e0 une volatilit\u00e9 accrue des march\u00e9s boursiers dans les jours pr\u00e9c\u00e9dant les \u00e9lections et que les investisseurs vont rechercher des valeurs refuges traditionnelles comme l&rsquo;or, surtout si la course entre les deux candidats est tr\u00e8s serr\u00e9e et qu&rsquo;il y a un risque croissant que le r\u00e9sultat soit controvers\u00e9.<\/p>\n<p>Mais la question est de savoir si le prix de l&rsquo;or sera d\u00e9termin\u00e9 par le candidat qui se pr\u00e9sentera \u00e0 la Maison Blanche.<\/p>\n<p style=\"text-align: center;\"><a href=\"https:\/\/www.interor.fr\/actualites\/wp-content\/uploads\/lingots-or.jpg\"><img decoding=\"async\" class=\"alignnone size-medium wp-image-1850\" src=\"https:\/\/www.interor.fr\/actualites\/wp-content\/uploads\/lingots-or-300x200.jpg\" alt=\"lingots or\" width=\"300\" height=\"200\" srcset=\"https:\/\/www.interor.fr\/actualites\/wp-content\/uploads\/lingots-or-300x200.jpg 300w, https:\/\/www.interor.fr\/actualites\/wp-content\/uploads\/lingots-or.jpg 640w\" sizes=\"(max-width: 300px) 100vw, 300px\" \/><\/a><\/p>\n<h2><strong>L&rsquo;analyse du prix de l&rsquo;or<\/strong><\/h2>\n<p>Une analyse d\u00e9taill\u00e9e des mouvements historiques du prix de l&rsquo;or apr\u00e8s chaque \u00e9lection pr\u00e9sidentielle am\u00e9ricaine indique qu&rsquo;il y a peu de preuves d&rsquo;une relation claire entre le prix de l&rsquo;or et les r\u00e9sultats des \u00e9lections bas\u00e9s sur l&rsquo;affiliation \u00e0 un parti.<\/p>\n<p>Bien que le r\u00f4le de la politique ne puisse pas \u00eatre sap\u00e9, ce sont les conditions macro\u00e9conomiques sous-jacentes pr\u00e9sentes \u00e0 un moment donn\u00e9 qui semblent jouer un r\u00f4le plus important dans l&rsquo;<a href=\"https:\/\/www.interor.fr\/cotation_de_l_or.html\">\u00e9volution du prix de l&rsquo;or<\/a>, en particulier \u00e0 court et moyen terme.<\/p>\n<h2><strong>Un cocktail toxique d&rsquo;incertitude<\/strong><\/h2>\n<p>Les investisseurs sont de plus en plus pr\u00e9occup\u00e9s par le choc imminent entre le pr\u00e9sident am\u00e9ricain Donald Trump et le candidat d\u00e9mocrate \u00e0 la pr\u00e9sidence Joe Biden, qui pourrait conduire \u00e0 un r\u00e9sultat \u00e9lectoral incertain, sans vainqueur clair ce jour-l\u00e0.<\/p>\n<p>En outre, l&rsquo;augmentation probable des votes par correspondance en raison de l&rsquo;\u00e9pid\u00e9mie de coronavirus pourrait entra\u00eener une plus grande confusion et un retard dans les r\u00e9sultats, tandis que les affirmations du pr\u00e9sident Trump selon lesquelles il pourrait ne pas accepter un transfert pacifique du pouvoir s&rsquo;il perdait aux \u00e9lections de novembre ont certainement suscit\u00e9 des inqui\u00e9tudes.<\/p>\n<p>En ces temps de crise sanitaire et d&rsquo;incertitude \u00e9conomique sans pr\u00e9c\u00e9dent, cette \u00e9lection devrait accro\u00eetre la volatilit\u00e9 du march\u00e9 boursier et avoir un impact sur les indicateurs d&rsquo;app\u00e9tit pour le risque des investisseurs.<\/p>\n<p>Cela favorisera sans aucun doute les valeurs traditionnelles de refuge comme l&rsquo;or, tout en freinant la progression des m\u00e9taux industriels.<\/p>\n<h2><strong>Quel sera l&rsquo;avenir du march\u00e9 de l&rsquo;or ?<\/strong><\/h2>\n<p>Alors, est-ce vraiment important de savoir qui sera le candidat qui occupera la Maison Blanche ? Si l&rsquo;on en croit le pass\u00e9, une deuxi\u00e8me administration Trump serait probablement au moins aussi turbulente et polarisante que son premier mandat, ajoutant plus de volatilit\u00e9 et d&rsquo;incertitude, bien que la probabilit\u00e9 qu&rsquo;il ait recours \u00e0 des politiques radicales soit moindre au cours du second mandat si le Congr\u00e8s reste divis\u00e9.<\/p>\n<p>D&rsquo;autre part, une victoire de Joe Biden repr\u00e9senterait un retour \u00e0 une administration plus conventionnelle, avec l&rsquo;ambition de restaurer la position multilat\u00e9rale am\u00e9ricaine pr\u00e9c\u00e9dente en mati\u00e8re de politique \u00e9trang\u00e8re, ce qui se traduirait probablement par une moindre volatilit\u00e9 li\u00e9e aux risques politiques et aux tensions internationales.<\/p>\n<p>Si les deux candidats pr\u00e9sentent des points de vue compl\u00e8tement diff\u00e9rents sur l&rsquo;avenir de la plus grande \u00e9conomie du monde, des politiques int\u00e9rieures au r\u00f4le des \u00c9tats-Unis sur la sc\u00e8ne mondiale et au changement climatique, l&rsquo;accent sera mis \u00e0 court et moyen terme, malgr\u00e9 le r\u00e9sultat des \u00e9lections, sur la lutte contre la crise sanitaire et la relance de l&rsquo;\u00e9conomie.<\/p>\n<p>Quel que soit le candidat \u00e9lu, il est probable que les d\u00e9penses budg\u00e9taires massives et les taux d&rsquo;int\u00e9r\u00eat tr\u00e8s bas se maintiennent dans un avenir proche. En outre, quel que soit le r\u00e9sultat, il soutiendrait la tendance \u00e0 l&rsquo;affaiblissement du dollar et, en tout \u00e9tat de cause, sous l&rsquo;administration Biden, le dollar est susceptible d&rsquo;\u00eatre moins expos\u00e9 \u00e0 la volatilit\u00e9 due aux risques g\u00e9opolitiques.<\/p>\n<p>Dans le m\u00eame temps, les perspectives de r\u00e9duction des droits de douane et d&rsquo;accords commerciaux plus constructifs dans le contexte d&rsquo;une victoire de Biden pourraient entra\u00eener une nouvelle d\u00e9pr\u00e9ciation du dollar.<\/p>\n<p>En conclusion, donc, quel que soit le candidat qui entrera en fonction \u00e0 la Maison Blanche, il est important de souligner que les conditions macro\u00e9conomiques sous-jacentes, telles que les difficult\u00e9s \u00e9conomiques, les faibles taux d&rsquo;int\u00e9r\u00eat, les tensions continues entre les \u00c9tats-Unis et la Chine, les attentes inflationnistes croissantes et la deuxi\u00e8me vague de la COVID-19, restent tr\u00e8s favorables \u00e0 l&rsquo;or \u00e0 moyen et long terme.<\/p>\n<p>\u00c0 court terme, nous sommes susceptibles de voir une volatilit\u00e9 accrue, un march\u00e9 tr\u00e8s volatil, \u00e0 la d\u00e9rive et ind\u00e9cis, et des fluctuations des march\u00e9s boursiers et du prix de l&rsquo;or.<\/p>\n<p>Cela dit, s&rsquo;il est possible que l&rsquo;or se consolide ou fasse l&rsquo;objet d&rsquo;une vente g\u00e9n\u00e9ralis\u00e9e \u00e0 court terme, c&rsquo;est lui qui devrait profiter des risques croissants entourant les \u00e9lections pr\u00e9sidentielles am\u00e9ricaines et que nous assisterons \u00e0 un nouveau record du prix du m\u00e9tal jaune avant la fin de l&rsquo;ann\u00e9e.<\/p>\n","protected":false},"excerpt":{"rendered":"<p>L&rsquo;\u00e9lection pr\u00e9sidentielle am\u00e9ricaine a sans aucun doute un r\u00f4le important \u00e0 jouer non seulement pour d\u00e9cider de l&rsquo;avenir de la plus grande \u00e9conomie du monde, au moins pour les quatre prochaines ann\u00e9es, mais aussi de l&rsquo;\u00e9conomie mondiale dans son ensemble. C&rsquo;est \u00e9galement une question que les march\u00e9s financiers mondiaux, voire les march\u00e9s des m\u00e9taux, devront &hellip; <a href=\"https:\/\/www.interor.fr\/actualites\/le-prix-de-lor-et-lelection-presidentielle-americaine-de-2020\/\" class=\"more-link\">Continuer la lecture de <span class=\"screen-reader-text\">Le prix de l&rsquo;or et l&rsquo;\u00e9lection pr\u00e9sidentielle am\u00e9ricaine de 2020<\/span><\/a><\/p>\n","protected":false},"author":3,"featured_media":0,"comment_status":"closed","ping_status":"open","sticky":false,"template":"","format":"standard","meta":{"iawp_total_views":1,"footnotes":""},"categories":[3],"tags":[],"class_list":["post-1847","post","type-post","status-publish","format-standard","hentry","category-marche-de-lor"],"_links":{"self":[{"href":"https:\/\/www.interor.fr\/actualites\/wp-json\/wp\/v2\/posts\/1847","targetHints":{"allow":["GET"]}}],"collection":[{"href":"https:\/\/www.interor.fr\/actualites\/wp-json\/wp\/v2\/posts"}],"about":[{"href":"https:\/\/www.interor.fr\/actualites\/wp-json\/wp\/v2\/types\/post"}],"author":[{"embeddable":true,"href":"https:\/\/www.interor.fr\/actualites\/wp-json\/wp\/v2\/users\/3"}],"replies":[{"embeddable":true,"href":"https:\/\/www.interor.fr\/actualites\/wp-json\/wp\/v2\/comments?post=1847"}],"version-history":[{"count":0,"href":"https:\/\/www.interor.fr\/actualites\/wp-json\/wp\/v2\/posts\/1847\/revisions"}],"wp:attachment":[{"href":"https:\/\/www.interor.fr\/actualites\/wp-json\/wp\/v2\/media?parent=1847"}],"wp:term":[{"taxonomy":"category","embeddable":true,"href":"https:\/\/www.interor.fr\/actualites\/wp-json\/wp\/v2\/categories?post=1847"},{"taxonomy":"post_tag","embeddable":true,"href":"https:\/\/www.interor.fr\/actualites\/wp-json\/wp\/v2\/tags?post=1847"}],"curies":[{"name":"wp","href":"https:\/\/api.w.org\/{rel}","templated":true}]}}