{"id":1445,"date":"2015-07-12T03:14:02","date_gmt":"2015-07-12T02:14:02","guid":{"rendered":"https:\/\/www.interor.fr\/actualites\/?p=1445"},"modified":"2015-07-08T11:14:20","modified_gmt":"2015-07-08T10:14:20","slug":"la-crise-grecque-fortifie-le-dollar-et-la-cotation-de-lor-baisse","status":"publish","type":"post","link":"https:\/\/www.interor.fr\/actualites\/la-crise-grecque-fortifie-le-dollar-et-la-cotation-de-lor-baisse\/","title":{"rendered":"La crise Grecque fortifie le dollar et la cotation de l\u2019or baisse\u2026"},"content":{"rendered":"<p>La <a href=\"http:\/\/www.interor.fr\/cotation_de_l_or.html\" target=\"_blank\">cotation de l\u2019or<\/a> a chut\u00e9 \u00e0 des niveaux minimums d\u2019il y a 15 semaines et le prix de l\u2019argent \u00e0 des niveaux d\u2019il y a sept semaines d\u00fb \u00e0 la crise grecque qui a stimul\u00e9 la demande pour le dollar sans cr\u00e9er suffisamment d\u2019int\u00e9r\u00eat actuellement pour l\u2019or de placement sur le march\u00e9 financier.<\/p>\n<p>La cotation de l\u2019or a rompu la barri\u00e8re psychologique des 1150 dollars pour s\u2019\u00e9lever \u00e0 1146.80 et l\u2019argent a bris\u00e9 la barri\u00e8re des 15 dollars pour descendre au prix de 14,62 l\u2019once troy.<\/p>\n<p>Le dollar a fr\u00f4l\u00e9 les niveaux minimums d\u2019il y a cinq semaines face aux dix devises durant la visite du premier ministre grec \u00e0 Bruxelles qui est sur le point d\u2019arriver \u00e0 un accord avec le reste des pays de la zone euro.<\/p>\n<p>La cotation de l\u2019or a chut\u00e9 de 12% dans les douze derniers mois et le dollar a augment\u00e9 de 18%.<\/p>\n<p>Comme certains analystes l\u2019avaient envisag\u00e9, la grande crise \u00e9conomique dans laquelle nous sommes submerg\u00e9s pourrait entrainer les investisseurs \u00e0 favoriser le dollar et faire s\u2019effondrer les autres devises avant que la monnaie am\u00e9ricaine ne chute en tant que valeur refuge. Si cette pr\u00e9vision se r\u00e9alise, la cotation de l\u2019or pourrait continuer \u00e0 descendre dans les prochains mois \u00e0 cause du manque g\u00e9n\u00e9ral d\u2019int\u00e9r\u00eat des investisseurs pour les m\u00e9taux pr\u00e9cieux mon\u00e9taires.<\/p>\n<p>Pourquoi l\u2019or va chuter puisque la Gr\u00e8ce a dit \u00ab\u00a0non\u00a0\u00bb<\/p>\n<p>La nouvelle qui occupe les premi\u00e8res pages des journaux financiers est l\u2019aggravation de la crise grecque.<\/p>\n<p>Les analystes font \u00e9tat d\u2019une banqueroute de l\u2019\u00e9tat grec et de son soutien direct pour les prix de l\u2019or. Notre opinion est qu\u2019ils sont trop conformistes apr\u00e8s avoir constat\u00e9 que les gestionnaires de fonds avaient r\u00e9duit leur int\u00e9r\u00eat pour les cotations de l\u2019or malgr\u00e9 le chao de la zone euro.<\/p>\n<p>L\u2019autre th\u00e9orie est que la trag\u00e9die grecque est en train de faire peur et d\u2019\u00e9loigner les investisseurs tout au moins parmi les grands gestionnaires. Ceux-ci voient l\u2019or comme un actif \u00e0 risque maintenu \u00e0 flot par l\u2019augmentation du cr\u00e9dit et les pressions inflationnistes.<\/p>\n<p>Une banqueroute grecque ou sa sortie de l\u2019euro mettrait les investisseurs dans une situation d\u2019aversion au risque (\u00ab\u00a0risk off\u00a0\u00bb) en d\u00e9truisant le cr\u00e9dit et en exer\u00e7ant des pressions d\u00e9flationnistes sur tous les march\u00e9s.<\/p>\n<p>La crise de Lehmans Brothers \u00e0 la fin de 2008 a d\u00e9clench\u00e9 un sc\u00e9nario similaire. Les cotations de l\u2019or avaient intens\u00e9ment souffert \u00e0 court terme tout au moins contre le dollar.<\/p>\n<p>A cette \u00e9poque, \u00e0 mesure que la faillite de Lehmans s\u2019intensifiait, la cotation de l\u2019or avait \u00e9norm\u00e9ment augment\u00e9 et en peu de temps elle a \u00e9t\u00e9 accompagn\u00e9e par les prix du dollar. Au m\u00eame moment, la demande physique de l\u2019or r\u00e9apparaissait pendant que le commerce sp\u00e9culatif se paralysait.<\/p>\n<p>La cotation de l\u2019or s\u2019est alors r\u00e9duite de la m\u00eame mani\u00e8re qu\u2019avec les prix sur d\u2019autres march\u00e9s financiers. Mais contrairement que pour les Bourses, les bons, la dette gouvernementale et le secteur immobilier, la cotation de l\u2019or physique avait chut\u00e9 pour rebondir de plus belle quelques temps apr\u00e8s.<\/p>\n<p>Il n\u2019y a aucune garantie que l\u2019histoire ne vienne \u00e0 se r\u00e9p\u00e9ter. Mais dans une crise \u00e9conomique, beaucoup de gens qui n\u2019avaient pas pens\u00e9 au m\u00e9tal jaune, tendent \u00e0 revenir vers le prix d\u2019achat de l\u2019or.<\/p>\n","protected":false},"excerpt":{"rendered":"<p>La cotation de l\u2019or a chut\u00e9 \u00e0 des niveaux minimums d\u2019il y a 15 semaines et le prix de l\u2019argent \u00e0 des niveaux d\u2019il y a sept semaines d\u00fb \u00e0 la crise grecque qui a stimul\u00e9 la demande pour le dollar sans cr\u00e9er suffisamment d\u2019int\u00e9r\u00eat actuellement pour l\u2019or de placement sur le march\u00e9 financier. La &hellip; <a href=\"https:\/\/www.interor.fr\/actualites\/la-crise-grecque-fortifie-le-dollar-et-la-cotation-de-lor-baisse\/\" class=\"more-link\">Continuer la lecture de <span class=\"screen-reader-text\">La crise Grecque fortifie le dollar et la cotation de l\u2019or baisse\u2026<\/span><\/a><\/p>\n","protected":false},"author":3,"featured_media":0,"comment_status":"closed","ping_status":"open","sticky":false,"template":"","format":"standard","meta":{"iawp_total_views":0,"footnotes":""},"categories":[1],"tags":[10],"class_list":["post-1445","post","type-post","status-publish","format-standard","hentry","category-cours-or","tag-cotation-de-lor"],"_links":{"self":[{"href":"https:\/\/www.interor.fr\/actualites\/wp-json\/wp\/v2\/posts\/1445","targetHints":{"allow":["GET"]}}],"collection":[{"href":"https:\/\/www.interor.fr\/actualites\/wp-json\/wp\/v2\/posts"}],"about":[{"href":"https:\/\/www.interor.fr\/actualites\/wp-json\/wp\/v2\/types\/post"}],"author":[{"embeddable":true,"href":"https:\/\/www.interor.fr\/actualites\/wp-json\/wp\/v2\/users\/3"}],"replies":[{"embeddable":true,"href":"https:\/\/www.interor.fr\/actualites\/wp-json\/wp\/v2\/comments?post=1445"}],"version-history":[{"count":0,"href":"https:\/\/www.interor.fr\/actualites\/wp-json\/wp\/v2\/posts\/1445\/revisions"}],"wp:attachment":[{"href":"https:\/\/www.interor.fr\/actualites\/wp-json\/wp\/v2\/media?parent=1445"}],"wp:term":[{"taxonomy":"category","embeddable":true,"href":"https:\/\/www.interor.fr\/actualites\/wp-json\/wp\/v2\/categories?post=1445"},{"taxonomy":"post_tag","embeddable":true,"href":"https:\/\/www.interor.fr\/actualites\/wp-json\/wp\/v2\/tags?post=1445"}],"curies":[{"name":"wp","href":"https:\/\/api.w.org\/{rel}","templated":true}]}}