{"id":1342,"date":"2015-05-06T11:30:25","date_gmt":"2015-05-06T10:30:25","guid":{"rendered":"https:\/\/www.interor.fr\/actualites\/?p=1342"},"modified":"2015-05-06T11:30:25","modified_gmt":"2015-05-06T10:30:25","slug":"la-cotation-de-lor-autre-victime-dun-super-dollar","status":"publish","type":"post","link":"https:\/\/www.interor.fr\/actualites\/la-cotation-de-lor-autre-victime-dun-super-dollar\/","title":{"rendered":"La cotation de l\u2019or, autre victime d\u2019un super dollar"},"content":{"rendered":"<p>La hausse de la <a href=\"http:\/\/www.interor.fr\/cotation_de_l_or.html\" target=\"_blank\">cotation de l\u2019or<\/a> est arriv\u00e9e \u00e0 sa fin apr\u00e8s avoir d\u00e9pass\u00e9e bri\u00e8vement les 1300 dollars l\u2019once en janvier mais les rendements n\u00e9gatifs des bons europ\u00e9ens pourraient \u00eatre une attraction plus significative pour l\u2019or. Les cotations de l\u2019or ont chut\u00e9 de plus de 11% depuis le d\u00e9but de l\u2019ann\u00e9e. Une grande partie des ventes massives s\u2019est produite dans les derni\u00e8res semaines \u00e0 mesure que le dollar se renfor\u00e7ait.<\/p>\n<p><strong>Alors pourquoi la cotation de l\u2019or est-elle attractive?<\/strong><\/p>\n<p>Etonnamment, certains experts du march\u00e9 continuent d\u2019\u00eatre optimistes pour une hausse du prix de l\u2019or. D\u2019apr\u00e8s le gourou de l\u2019investissement, Jeffrey Gundlach, de la soci\u00e9t\u00e9 \u00ab\u00a0DoubleLine Capital\u00a0\u00bb, l\u2019or pourrait revenir \u00e0 un niveau de 1400 dollars l\u2019once \u00e0 court terme.<\/p>\n<p>Quel son raisonnement\u00a0? Les rendements n\u00e9gatifs des bons europ\u00e9ens entraineront un engouement plus prononc\u00e9 pour le prix de l\u2019or. Ce m\u00e9tal jaune est un actif qui subit un d\u00e9sint\u00e9r\u00eat plus important en temps d\u2019inflation et de d\u00e9flation. En d\u2019autres termes, lorsque le march\u00e9 est frileux, les investisseurs optent pour ce m\u00e9tal.<\/p>\n<p>Ces taux n\u00e9gatifs des obligations sont un signe r\u00e9v\u00e9lateur de pr\u00e9occupations de d\u00e9flation de la part des \u00e9pargnants. Les investisseurs sont si peureux d\u2019une \u00e9ventuelle chute des prix qu\u2019ils sont dispos\u00e9s \u00e0 tol\u00e9rer une petite perte sur les bons du Tr\u00e9sor au lieu de courir le risque d\u2019avoir de grandes pertes sur d\u2019autres march\u00e9s. Le rendement n\u00e9gatif des bons \u00e9trangers peut aussi refl\u00e9ter le fait que la Banque Centrale Europ\u00e9enne soit en train d\u2019acheter des bons juste au moment o\u00f9 on esp\u00e8re que la R\u00e9serve F\u00e9d\u00e9rale commence \u00e0 \u00e9lever les taux d\u2019int\u00e9r\u00eats.<\/p>\n<p>Les taux les plus hauts aux Etats-Unis devraient renforcer encore plus le dollar et serait, de ce fait, \u00a0n\u00e9gatif pour le prix de l\u2019or, au moins \u00e0 court terme.<\/p>\n<p><strong>Pourquoi la cotation\u00a0de l\u2019or augmentera\u00a0?<\/strong><\/p>\n<p>Selon certains experts, les prix de l\u2019or resteront probablement volatiles durant les prochains mois. Ils pensent que la croissance de la classe moyenne en Chine et en Inde donnera un coup de pouce \u00e0 la demande d\u2019or parmi les consommateurs. C\u2019est seulement une question de temps avant que le prix de l\u2019or ne refasse surface. L\u2019or devrait remonter \u00e0 un prix beaucoup plus important durant les trois \u00e0 cinq ans gr\u00e2ce \u00e0 la demande physique des march\u00e9s \u00e9mergeants.<\/p>\n<p>Le dollar peut \u00eatre \u00e0 la f\u00eate en ce moment mais que ce passera t-il lorsqu\u2019il s\u2019affaiblira\u00a0? De nombreuses banques centrales pourraient trouver que l\u2019or peut \u00eatre un actif plus s\u00fbr que l\u2019euro.<\/p>\n<p>Avec le temps, les prix de l\u2019or seront appr\u00e9ci\u00e9s par les investisseurs. La Russie, la Chine et l\u2019Inde et les banques centrales d\u2019autres pays cherchent \u00e0 diversifier leurs gains. Les acheteurs d\u2019or de tout type d\u00e9plieront le tapis rouge pour l\u2019or.<\/p>\n<p>Aujourd\u2019hui, 20% des actifs sont li\u00e9s \u00e0 l\u2019or et c\u2019est donc une mani\u00e8re de se prot\u00e9ger contre l\u2019inflation et la volatilit\u00e9 du march\u00e9.<\/p>\n<p>Ce pourcentage est beaucoup plus haut que la majorit\u00e9 des conseillers financiers recommandent pour le portefeuille d\u2019un investisseur moyen. Mais investir dans l\u2019or \u00e0 long terme a probablement plus de sens pour votre portefeuille.<\/p>\n<p>Il est peut-\u00eatre plus s\u00fbr d\u2019acheter des actions de mines d\u2019or ou de fonds cotis\u00e9s populaires comme le GLD ou GDX qui stockent l\u2019or physiquement dans leurs entrep\u00f4ts.<\/p>\n","protected":false},"excerpt":{"rendered":"<p>La hausse de la cotation de l\u2019or est arriv\u00e9e \u00e0 sa fin apr\u00e8s avoir d\u00e9pass\u00e9e bri\u00e8vement les 1300 dollars l\u2019once en janvier mais les rendements n\u00e9gatifs des bons europ\u00e9ens pourraient \u00eatre une attraction plus significative pour l\u2019or. Les cotations de l\u2019or ont chut\u00e9 de plus de 11% depuis le d\u00e9but de l\u2019ann\u00e9e. Une grande partie &hellip; <a href=\"https:\/\/www.interor.fr\/actualites\/la-cotation-de-lor-autre-victime-dun-super-dollar\/\" class=\"more-link\">Continuer la lecture de <span class=\"screen-reader-text\">La cotation de l\u2019or, autre victime d\u2019un super dollar<\/span><\/a><\/p>\n","protected":false},"author":3,"featured_media":0,"comment_status":"closed","ping_status":"open","sticky":false,"template":"","format":"standard","meta":{"iawp_total_views":0,"footnotes":""},"categories":[1],"tags":[],"class_list":["post-1342","post","type-post","status-publish","format-standard","hentry","category-cours-or"],"_links":{"self":[{"href":"https:\/\/www.interor.fr\/actualites\/wp-json\/wp\/v2\/posts\/1342","targetHints":{"allow":["GET"]}}],"collection":[{"href":"https:\/\/www.interor.fr\/actualites\/wp-json\/wp\/v2\/posts"}],"about":[{"href":"https:\/\/www.interor.fr\/actualites\/wp-json\/wp\/v2\/types\/post"}],"author":[{"embeddable":true,"href":"https:\/\/www.interor.fr\/actualites\/wp-json\/wp\/v2\/users\/3"}],"replies":[{"embeddable":true,"href":"https:\/\/www.interor.fr\/actualites\/wp-json\/wp\/v2\/comments?post=1342"}],"version-history":[{"count":0,"href":"https:\/\/www.interor.fr\/actualites\/wp-json\/wp\/v2\/posts\/1342\/revisions"}],"wp:attachment":[{"href":"https:\/\/www.interor.fr\/actualites\/wp-json\/wp\/v2\/media?parent=1342"}],"wp:term":[{"taxonomy":"category","embeddable":true,"href":"https:\/\/www.interor.fr\/actualites\/wp-json\/wp\/v2\/categories?post=1342"},{"taxonomy":"post_tag","embeddable":true,"href":"https:\/\/www.interor.fr\/actualites\/wp-json\/wp\/v2\/tags?post=1342"}],"curies":[{"name":"wp","href":"https:\/\/api.w.org\/{rel}","templated":true}]}}