{"id":1063,"date":"2014-12-04T03:43:19","date_gmt":"2014-12-04T02:43:19","guid":{"rendered":"https:\/\/www.interor.fr\/actualites\/?p=1063"},"modified":"2014-12-03T11:43:45","modified_gmt":"2014-12-03T10:43:45","slug":"non-au-referendum-suisse-pour-laugmentation-des-reserves-dor","status":"publish","type":"post","link":"https:\/\/www.interor.fr\/actualites\/non-au-referendum-suisse-pour-laugmentation-des-reserves-dor\/","title":{"rendered":"\u00ab Non \u00bb au referendum suisse pour l\u2019augmentation des r\u00e9serves d\u2019or"},"content":{"rendered":"<p>Au r\u00e9f\u00e9rendum du 30 novembre 2014 pour savoir si les r\u00e9serves d\u2019or suisses devaient \u00eatre augment\u00e9es de 7% \u00e0 20% du total des r\u00e9serves des devises, 78% des participants Suisses ont vot\u00e9 contre cette proposition. Le r\u00e9sultat du vote n\u2019est pas du tout une surprise \u00e0 cause de l\u2019avis, en g\u00e9n\u00e9ral, d\u00e9favorable qu\u2019a re\u00e7u l\u2019initiative de \u00ab\u00a0Save Our Swiss Gold\u00a0\u00bb dans les m\u00e9dias suisses afin de revenir \u00e0 un type de \u00ab\u00a0patron or\u00a0\u00bb qui a \u00e9t\u00e9 abandonn\u00e9 en 1999. Depuis cette date, la Banque Centrale Suisse n\u2019avait aucune obligation de poss\u00e9der de l\u2019or physique comme partie de son portefeuille en devises dans sa balance et de r\u00e9duire consid\u00e9rablement les r\u00e9serves d\u2019or suisses. De plus, la Banque Centrale Suisse va \u00eatre oblig\u00e9e de baisser les taux d\u2019int\u00e9r\u00eats \u00e0 des niveaux n\u00e9gatifs en suivant le politique de la Banque Centrale Europ\u00e9enne (BCE) pour maintenir la parit\u00e9 entre l\u2019euro et le franc suisse.<\/p>\n<p>Selon Thomas J Jordan, pr\u00e9sident de la Banque Centrale Suisse ou SNB, si le \u00ab\u00a0oui\u00a0\u00bb l\u2019avait emport\u00e9 au r\u00e9f\u00e9rendum pour augmenter les r\u00e9serves d\u2019or de Suisse jusqu\u2019\u00e0 20% du total des r\u00e9serves, il aurait emp\u00each\u00e9 la Banque Centrale de g\u00e9rer correctement sa politique mon\u00e9taire. Dans une interview dans le Wall Street Journal, il a soulign\u00e9 que cette initiative n\u2019\u00e9tait pas n\u00e9cessaire et pouvait \u00eatre dangereuse car avec l\u2019actuel r\u00e9gime mon\u00e9taire, il n\u2019y a pas de relation entre la stabilit\u00e9 des prix et le pourcentage de r\u00e9serves d\u2019or dans la balance de la SNB. Il a ajout\u00e9 que le niveau des r\u00e9serves d\u2019or de la Suisse est haut compar\u00e9 \u00e0 d\u2019autres Banques Centrales et que la SNB n\u2019a pas l\u2019intention de vendre ou d\u2019<a title=\"acheter de l'or\" href=\"http:\/\/www.interor.fr\/index.php\" target=\"_blank\">acheter de l\u2019or<\/a> dans le futur.<\/p>\n<p>Les organisateurs du r\u00e9f\u00e9rendum, le Parti du Peuple Suisse, assure que l\u2019augmentation des r\u00e9serves d\u2019or est n\u00e9cessaire car la politique de la SNB \u00e0 restreindre la revalorisation du franc a fait apparaitre dans sa balance un exc\u00e9dent en euros qui ont \u00e9t\u00e9 d\u00e9valu\u00e9s durant la crise \u00e9conomique. Ils ont aussi critiqu\u00e9 la d\u00e9valuation du franc suisse car gr\u00e2ce \u00e0 elle, on veut aider les exportateurs suisses et l\u2019\u00e9conomie suisse en g\u00e9n\u00e9ral.<\/p>\n<p>Ron Paul, connue pour sa position favorable au \u00ab\u00a0patron or\u00a0\u00bb a appuy\u00e9 le r\u00e9f\u00e9rendum pour amplifier les r\u00e9serves d\u2019or suisses sur sa page web en \u00e9crivant\u00a0: \u00ab\u00a0les suisses appr\u00e9cient le travail de leurs alleux \u00e0 croire \u00e0 la possession d\u2019importantes r\u00e9serves d\u2019or, une devise respect\u00e9e et un syst\u00e8me bancaire fort et ind\u00e9pendant. Ils ne veulent pas voir des si\u00e8cles de travail perdus par la Banque Centrale.\u00a0\u00bb<\/p>\n","protected":false},"excerpt":{"rendered":"<p>Au r\u00e9f\u00e9rendum du 30 novembre 2014 pour savoir si les r\u00e9serves d\u2019or suisses devaient \u00eatre augment\u00e9es de 7% \u00e0 20% du total des r\u00e9serves des devises, 78% des participants Suisses ont vot\u00e9 contre cette proposition. Le r\u00e9sultat du vote n\u2019est pas du tout une surprise \u00e0 cause de l\u2019avis, en g\u00e9n\u00e9ral, d\u00e9favorable qu\u2019a re\u00e7u l\u2019initiative &hellip; <a href=\"https:\/\/www.interor.fr\/actualites\/non-au-referendum-suisse-pour-laugmentation-des-reserves-dor\/\" class=\"more-link\">Continuer la lecture de <span class=\"screen-reader-text\">\u00ab Non \u00bb au referendum suisse pour l\u2019augmentation des r\u00e9serves d\u2019or<\/span><\/a><\/p>\n","protected":false},"author":3,"featured_media":0,"comment_status":"closed","ping_status":"open","sticky":false,"template":"","format":"standard","meta":{"iawp_total_views":0,"footnotes":""},"categories":[1],"tags":[],"class_list":["post-1063","post","type-post","status-publish","format-standard","hentry","category-cours-or"],"_links":{"self":[{"href":"https:\/\/www.interor.fr\/actualites\/wp-json\/wp\/v2\/posts\/1063","targetHints":{"allow":["GET"]}}],"collection":[{"href":"https:\/\/www.interor.fr\/actualites\/wp-json\/wp\/v2\/posts"}],"about":[{"href":"https:\/\/www.interor.fr\/actualites\/wp-json\/wp\/v2\/types\/post"}],"author":[{"embeddable":true,"href":"https:\/\/www.interor.fr\/actualites\/wp-json\/wp\/v2\/users\/3"}],"replies":[{"embeddable":true,"href":"https:\/\/www.interor.fr\/actualites\/wp-json\/wp\/v2\/comments?post=1063"}],"version-history":[{"count":0,"href":"https:\/\/www.interor.fr\/actualites\/wp-json\/wp\/v2\/posts\/1063\/revisions"}],"wp:attachment":[{"href":"https:\/\/www.interor.fr\/actualites\/wp-json\/wp\/v2\/media?parent=1063"}],"wp:term":[{"taxonomy":"category","embeddable":true,"href":"https:\/\/www.interor.fr\/actualites\/wp-json\/wp\/v2\/categories?post=1063"},{"taxonomy":"post_tag","embeddable":true,"href":"https:\/\/www.interor.fr\/actualites\/wp-json\/wp\/v2\/tags?post=1063"}],"curies":[{"name":"wp","href":"https:\/\/api.w.org\/{rel}","templated":true}]}}